{"provider_url": "https://www.itabirito.mg.leg.br", "title": "Vereador Arnaldo \u00e9 reeleito presidente da C\u00e2mara de Itabirito", "html": "<h3 dir=\"ltr\">Nesta segunda-feira (19/12), o vereador Arnaldo dos Santos (MDB) foi reeleito presidente da C\u00e2mara Municipal de Itabirito. Os outros dois membros da atual Mesa Diretora, Lucas Eduardo Gois Santos (MDB) e M\u00e1rcio de Oliveira J\u00fanior (Cidadania), tamb\u00e9m foram reeleitos vice-presidente e secret\u00e1rio, respectivamente.</h3>\r\n<p>\u00a0</p>\r\n<h3 dir=\"ltr\">A Chapa 2 (a vencedora), de situa\u00e7\u00e3o, tamb\u00e9m teve votos dos vereadores Anderson Martins (MDB), L\u00e9o do Social (PSBD), Daniel Sudano e Danilo Grilo (ambos do Cidadania).</h3>\r\n<p><span><br /></span></p>\r\n<h3 dir=\"ltr\"><span>A Chapa 1, que perdeu a elei\u00e7\u00e3o, era composta por: Ren\u00ea Butekus (PSD), como presidente; Dr. Edson (Republicanos), como vice; e Paulino (Republicanos), como secret\u00e1rio. Al\u00e9m dos pr\u00f3prios candidatos, a chapa teve votos dos parlamentares: Fabinho (Avante), Igor Junior (PTB) e Max Fortes (PSB).</span></h3>\r\n<p><span><br /></span></p>\r\n<h3 dir=\"ltr\"><span>Arnaldo assumir\u00e1 o 8\u00ba mandato como presidente da C\u00e2mara de Itabirito. \u201cGostaria de agradecer, do fundo do meu cora\u00e7\u00e3o, aos vereadores que votaram favor\u00e1vel \u00e0 Chapa. Agrade\u00e7o pela confian\u00e7a! N\u00e3o sou melhor que ningu\u00e9m, procuro ser melhor que a mim mesmo todos os dias. Acho que o compromisso que a gente tem que ter \u00e9 ser melhor do que fomos. Confesso que esta elei\u00e7\u00e3o foi uma quest\u00e3o de circunst\u00e2ncia, mas agrade\u00e7o aos colegas que entenderam. Vou trabalhar muito mais nesse pr\u00f3ximo ano do que eu trabalhei at\u00e9 agora, para manter uma produtividade a bem do nosso munic\u00edpio\u201d, declarou Arnaldo.\u00a0</span></h3>\r\n<p><span><br /></span></p>\r\n<h3 dir=\"ltr\"><span>O mandato da Mesa Diretora \u00e9 anual e tem in\u00edcio no dia 1\u00ba de janeiro. </span></h3>\r\n<div><span><br /></span></div>", "author_name": "", "version": "1.0", "author_url": "https://www.itabirito.mg.leg.br/author/comunicacao", "provider_name": "C\u00e2mara Municipal de Itabirito", "type": "rich"}