{"provider_url": "https://www.itabirito.mg.leg.br", "title": "Semana Jovem Cat\u00f3lica \u00e9 inclu\u00edda no Calend\u00e1rio Oficial de Itabirito", "html": "<h3 dir=\"ltr\">Foi sancionada Lei Municipal 4.109/24 que inclui, no Calend\u00e1rio Oficial de Eventos de Itabirito, a Semana Jovem Cat\u00f3lica, a ser comemorada na terceira semana de junho. De autoria do presidente da C\u00e2mara Municipal de Itabirito,\u00a0 Pastor Anderson do Sou Not\u00edcia (PL), o evento visa oferecer uma s\u00e9rie de atividades voltadas para a juventude, promovendo valores crist\u00e3os, cidadania e desenvolvimento pessoal.</h3>\r\n<h3><span><span><br /></span></span></h3>\r\n<h3 dir=\"ltr\"><span>De acordo com a nova lei, a programa\u00e7\u00e3o da semana incluir\u00e1 atividades de voluntariado, campanhas de arrecada\u00e7\u00e3o de alimentos e de roupas e a\u00e7\u00f5es ambientais, incentivando os jovens a exercerem a cidadania ativa e a responsabilidade social.</span></h3>\r\n<h3><span><span><br /></span></span></h3>\r\n<h3 dir=\"ltr\"><span>Ser\u00e3o realizadas palestras, workshops e debates para o desenvolvimento pessoal dos participantes, abordando temas como lideran\u00e7a, \u00e9tica, comportamento e espiritualidade, fomentando o crescimento pessoal e a coes\u00e3o comunit\u00e1ria.</span></h3>\r\n<h3><span><span><br /></span></span></h3>\r\n<h3 dir=\"ltr\"><span>O evento tamb\u00e9m criar\u00e1 um espa\u00e7o inclusivo e acolhedor para os jovens, proporcionando um ambiente onde eles possam se expressar, compartilhar experi\u00eancias e fortalecer os la\u00e7os de amizade e comunh\u00e3o.</span></h3>\r\n<h3><span><span><br /></span></span></h3>\r\n<h3 dir=\"ltr\"><span>\u201cAo incluir a Semana Jovem Cat\u00f3lica no calend\u00e1rio oficial, o munic\u00edpio reconhece e valoriza as tradi\u00e7\u00f5es religiosas e culturais da comunidade, promovendo a integra\u00e7\u00e3o e a preserva\u00e7\u00e3o da identidade local. Essa iniciativa promove tamb\u00e9m o desenvolvimento dos jovens, contribuindo para um futuro mais promissor e harmonioso para toda a comunidade\u201d, justificou o presidente da C\u00e2mara.\u00a0</span></h3>", "author_name": "", "version": "1.0", "author_url": "https://www.itabirito.mg.leg.br/author/comunicacao", "provider_name": "C\u00e2mara Municipal de Itabirito", "type": "rich"}