{"provider_url": "https://www.itabirito.mg.leg.br", "title": "Sa\u00fade municipal \u00e9 discutida durante reuni\u00e3o da C\u00e2mara de Itabirito", "html": "<h3 dir=\"ltr\">Na reuni\u00e3o ordin\u00e1ria da C\u00e2mara Municipal de Itabirito desta segunda-feira (01/09), a secret\u00e1ria municipal de Sa\u00fade, Cleusa de Lourdes Claudino, apresentou um balan\u00e7o das a\u00e7\u00f5es da pasta. A participa\u00e7\u00e3o atendeu a requerimento do vereador Fernando da Sheila (Mobiliza), que destacou a import\u00e2ncia de prestar contas sobre os atendimentos realizados, as principais demandas da popula\u00e7\u00e3o e os desafios do setor.</h3>\r\n<h3><span><span><br /></span></span></h3>\r\n<h3 dir=\"ltr\"><span>Durante a exposi\u00e7\u00e3o, foram apresentados dados sobre a Aten\u00e7\u00e3o B\u00e1sica, unidades de sa\u00fade urbanas e rurais, cobertura vacinal, servi\u00e7os de urg\u00eancia e emerg\u00eancia, al\u00e9m de informa\u00e7\u00f5es referentes \u00e0 distribui\u00e7\u00e3o de medicamentos, atendimentos multiprofissionais e a\u00e7\u00f5es de vigil\u00e2ncia em sa\u00fade. Tamb\u00e9m foi destacada a atua\u00e7\u00e3o da UPA Celso Matos Silva, do SAMU e dos Centros de Especialidades e Reabilita\u00e7\u00e3o.</span></h3>\r\n<h3><span><span><br /></span></span></h3>\r\n<h3 dir=\"ltr\"><span>O relat\u00f3rio apontou o n\u00famero de atendimentos e tamb\u00e9m a situa\u00e7\u00e3o das filas de espera por consultas e cirurgias especializadas. Ao final da apresenta\u00e7\u00e3o, vereadores de diferentes bancadas fizeram questionamentos, refor\u00e7ando o compromisso da C\u00e2mara em acompanhar de perto a execu\u00e7\u00e3o das pol\u00edticas p\u00fablicas de sa\u00fade em Itabirito.</span></h3>\r\n<h3><span><span><br /></span></span></h3>\r\n<h3 dir=\"ltr\"><span>Para assistir \u00e0 apresenta\u00e7\u00e3o, na \u00edntegra, basta acessar o canal da Casa Legislativa no Youtube (C\u00e2mara Municipal de Itabirito) ou clicar no</span><a href=\"https://www.youtube.com/watch?v=weL4sSIDwSw\"><span> link.</span></a></h3>\r\n<h3><span id=\"docs-internal-guid-32c2cb1f-7fff-4366-b3d2-a70a8c67d739\"><br /><br /><br /><br /><br /></span></h3>", "author_name": "", "version": "1.0", "author_url": "https://www.itabirito.mg.leg.br/author/comunicacao", "provider_name": "C\u00e2mara Municipal de Itabirito", "type": "rich"}