{"provider_url": "https://www.itabirito.mg.leg.br", "title": "ONG Vidanimal ocupa a Tribuna da C\u00e2mara", "html": "<h3>O ambientalista Jarbas Lemes, falando em nome da Sociedade Protetora dos Animais Vidaminal, ocupou a Tribuna da C\u00e2mara, na segunda-feira (28/8), durante reuni\u00e3o ordin\u00e1ria.</h3>\r\n<h3>\u00a0</h3>\r\n<h3>Jarbas explanou sobre os v\u00e1rios trabalhos desenvolvidos pela entidade que, segundo ele, s\u00f3 s\u00e3o poss\u00edveis por meio das emendas impositivas dadas por vereadores para a causa animal.</h3>\r\n<h3>\u00a0</h3>\r\n<h3>Com base na futura inaugura\u00e7\u00e3o do Parque Agropecu\u00e1rio de Itabirito, Jarbas pediu que, entre as v\u00e1rias atividades previstas (campeonatos de marcha, leil\u00f5es, shows etc), que somente duas n\u00e3o aconte\u00e7am: a vaquejada e o rodeio.</h3>\r\n<h3>\u00a0</h3>\r\n<h3>Para ele, essas duas a\u00e7\u00f5es significam maus-tratos aos animais.</h3>\r\n<h3>\u00a0</h3>\r\n<h3>A discuss\u00e3o se desenvolve por causa do Projeto de Lei (PL) 184 de 2023 (que tem como base o artigo 215 da Constitui\u00e7\u00e3o Federal). Tal PL deu entrada na mesma segunda-feira e reconhece o rodeio como manifesta\u00e7\u00e3o cultural e pratica desportiva e, tamb\u00e9m, \u201cestabelece normas de prote\u00e7\u00e3o e integridade f\u00edsica dos animais\u201d.</h3>\r\n<h3>\u00a0</h3>\r\n<h3>Daniel Samora, profissional de rodeio, que j\u00e1 foi da Internacional Bull Riders Brasil, esteve na reuni\u00e3o. Ele afirmou que o rodeio, especificamente, n\u00e3o pode ser considerado maus-tratos. Opinou dizendo que a vida de um touro de rodeio \u201ctem mais valor que de um pe\u00e3o\u201d, que os animais convivem com pessoas e s\u00e3o normalmente mansos, al\u00e9m de muito bem tratados.</h3>\r\n<h3>\u00a0</h3>\r\n<h3>Daniel disse ainda que o sed\u00e9m, usado nas provas, n\u00e3o aperta os test\u00edculos do touro, apenas a barriga. E que animal tem a impress\u00e3o de que est\u00e1 sendo atacado por um predador. \u201cPor isso, ele pula\u201d, afirmou.</h3>\r\n<h3>\u00a0</h3>\r\n<h3>Segundo o profissional de rodeio, a roseta (espora) usada pelo pe\u00e3o \u00e9 de ponta lisa. \u00a0</h3>", "author_name": "", "version": "1.0", "author_url": "https://www.itabirito.mg.leg.br/author/comunicacao", "provider_name": "C\u00e2mara Municipal de Itabirito", "type": "rich"}