{"provider_url": "https://www.itabirito.mg.leg.br", "title": "Manifestantes participam da \u00faltima reuni\u00e3o ordin\u00e1ria da C\u00e2mara", "html": "<p>\u00a0</p>\r\n<h3 dir=\"ltr\">Integrantes do Movimento de Moradia, Luta de Classes, Mulheres Olga Ben\u00e1rio e PSOL Itabirito estiveram presentes na \u00faltima reuni\u00e3o da C\u00e2mara Municipal nesta segunda-feira (20). Da galeria do Plen\u00e1rio, e de forma pac\u00edfica, eles pediram aos vereadores melhorias no transporte p\u00fablico da cidade.\u00a0</h3>\r\n<h3></h3>\r\n<p>\u00a0</p>\r\n<h3 dir=\"ltr\">Uma das reivindica\u00e7\u00f5es era a circula\u00e7\u00e3o de \u00f4nibus municipais ap\u00f3s \u00e0s 20h. De acordo com Thom\u00e1s Toledo, integrante do Movimento Luta de Classes, desde o in\u00edcio da pandemia, a Prefeitura de Itabirito restringiu a circula\u00e7\u00e3o de \u00f4nibus na cidade. Contudo, mesmo o munic\u00edpio estando na Onda Verde, o fluxo de \u00f4nibus n\u00e3o voltou ao normal. \u201cN\u00e3o faz sentido. Qualquer pessoa que est\u00e1 trabalhando, qualquer jovem que est\u00e1 estudando precisa ter pelo menos uma op\u00e7\u00e3o de \u00f4nibus \u00e0 noite. A gente conhece um monte de gente que largava o servi\u00e7o \u00e0s 21h e teve que deixar o trabalho porque n\u00e3o conseguia voltar para casa\u201d, afirma.\u00a0</h3>\r\n<h3></h3>\r\n<p>\u00a0</p>\r\n<h3 dir=\"ltr\">Os manifestantes tamb\u00e9m pediam redu\u00e7\u00e3o no pre\u00e7o da passagem e melhoria na quantidade de ve\u00edculos que circulam na sede e nos distritos.</h3>\r\n<h3></h3>\r\n<p>\u00a0</p>\r\n<h3 dir=\"ltr\">O presidente da C\u00e2mara, Leandro Silva Marques (PSDB), parabenizou os manifestantes pela reivindica\u00e7\u00e3o pac\u00edfica na C\u00e2mara e refor\u00e7ou que esta \u00e9 uma quest\u00e3o debatida constantemente por todos os vereadores da Casa. \u201cAcho justo, leg\u00edtimo e tem que melhorar mesmo. \u00c9 uma luta incans\u00e1vel. A gente percebe que algumas situa\u00e7\u00f5es deixam a desejar. A gente v\u00ea a dificuldade que as pessoas da zona rural tem para conseguir trabalho porque n\u00e3o tem o transporte digno para ir no hor\u00e1rio comercial\u201d, disse.</h3>\r\n<h3></h3>\r\n<p>\u00a0</p>\r\n<h3 dir=\"ltr\">Os manifestantes queriam ocupar a Tribuna para expor suas reivindica\u00e7\u00f5es. Contudo, como n\u00e3o haviam preenchido os requisitos do Regimento Interno da C\u00e2mara, a oportunidade ser\u00e1 concedida no pr\u00f3ximo ano. \u201cN\u00f3s temos uma normativa e diante do procedimento que temos hoje (elei\u00e7\u00e3o da Mesa Diretora) e inclusive por causa do hor\u00e1rio, n\u00e3o foi poss\u00edvel a delibera\u00e7\u00e3o. O fato de voc\u00eas n\u00e3o estarem falando na tribuna n\u00e3o significa que voc\u00eas n\u00e3o est\u00e3o sendo ouvidos. Dentro da normativa, a gente vai junto, a gente vai brigar e vai correr atr\u00e1s e sem fugir do nosso prop\u00f3sito\u201d, afirmou L\u00e9o do Social.</h3>", "author_name": "Comunica\u00e7\u00e3o", "version": "1.0", "author_url": "https://www.itabirito.mg.leg.br/author/Comunica\u00e7\u00e3o", "provider_name": "C\u00e2mara Municipal de Itabirito", "type": "rich"}