{"provider_url": "https://www.itabirito.mg.leg.br", "title": "L\u00e9o do Social \u00e9 eleito presidente da C\u00e2mara de Itabirito", "html": "<h3 dir=\"ltr\">A C\u00e2mara Municipal de Itabirito elegeu, nesta segunda-feira (22/12), a nova Mesa Diretora que ir\u00e1 conduzir os trabalhos do Legislativo municipal em 2026. Por 11 votos, a Chapa 1 foi a vencedora da elei\u00e7\u00e3o.</h3>\r\n<h3>\u00a0</h3>\r\n<h3 dir=\"ltr\">Com o resultado, o vereador L\u00e9o do Social (PSDB) foi eleito presidente da Casa Legislativa. A vice-presid\u00eancia ser\u00e1 ocupada por Danilo Grilo (Cidadania), enquanto o cargo de secret\u00e1rio ficar\u00e1 com o vereador Fernando da Sheila (Mobiliza).</h3>\r\n<h3>\u00a0</h3>\r\n<h3 dir=\"ltr\">A elei\u00e7\u00e3o ocorreu no Plen\u00e1rio da C\u00e2mara durante a \u00faltima reuni\u00e3o ordin\u00e1ria de 2025. A Chapa 2 recebeu 4 votos dos parlamentares e era composta pelos vereadores: Dr. Edson (Republicanos) como presidente, Ezio Pimenta (Solidariedade) como vice-presidente e Ren\u00ea Butekus (PSD) como secret\u00e1rio.</h3>\r\n<h3>\u00a0</h3>\r\n<h3 dir=\"ltr\">Ap\u00f3s a confirma\u00e7\u00e3o do resultado, o futuro presidente da C\u00e2mara comentou a elei\u00e7\u00e3o. <em>\u201cRecebo essa miss\u00e3o com muita responsabilidade, humildade e gratid\u00e3o aos colegas vereadores que confiaram em nosso trabalho. A presid\u00eancia da C\u00e2mara exige di\u00e1logo, respeito \u00e0s diferen\u00e7as e compromisso com a popula\u00e7\u00e3o de Itabirito. Nosso objetivo em 2026 ser\u00e1 fortalecer o Legislativo, garantir transpar\u00eancia, ouvir a popula\u00e7\u00e3o e trabalhar de forma harmoniosa com todos os poderes, sempre colocando os interesses da cidade em primeiro lugar\u201d,</em> afirmou L\u00e9o do Social.</h3>\r\n<h3>\u00a0</h3>\r\n<h3 dir=\"ltr\">A posse da nova Mesa Diretora para o mandato de um ano est\u00e1 marcada para o dia 2 de janeiro de 2026, \u00e0s 10h, no Plen\u00e1rio da C\u00e2mara Municipal de Itabirito. A solenidade tamb\u00e9m ser\u00e1 transmitida ao vivo no canal da Casa Legislativa no YouTube.</h3>\r\n<div><span><br /></span></div>", "author_name": "", "version": "1.0", "author_url": "https://www.itabirito.mg.leg.br/author/comunicacao", "provider_name": "C\u00e2mara Municipal de Itabirito", "type": "rich"}