{"provider_url": "https://www.itabirito.mg.leg.br", "title": "Lei institui Campanha de Doa\u00e7\u00e3o de Cabelos em Itabirito", "html": "<h3 dir=\"ltr\">Uma iniciativa ganha destaque em Itabirito com a san\u00e7\u00e3o da Lei Municipal N\u00b0 3.985, que estabelece a cria\u00e7\u00e3o da \"Campanha de Doa\u00e7\u00e3o de Cabelos\" na cidade.</h3>\r\n<h3>\u00a0</h3>\r\n<h3 dir=\"ltr\">De autoria do vereador Igor Junior (PTB), a nova Lei visa arrecadar cabelos que ser\u00e3o destinados a institui\u00e7\u00f5es dedicadas ao tratamento contra o c\u00e2ncer. A campanha ser\u00e1 respons\u00e1vel por receber, armazenar, catalogar e disponibilizar os cabelos doados pela popula\u00e7\u00e3o, promovendo uma gest\u00e3o eficaz das doa\u00e7\u00f5es.</h3>\r\n<h3>\u00a0</h3>\r\n<h3 dir=\"ltr\">Pessoas com cabelos a partir de 15 cent\u00edmetros de comprimento, em boas condi\u00e7\u00f5es de higiene e sa\u00fade capilar, poder\u00e3o participar como doadores. Menores de idade ou incapazes dever\u00e3o obter autoriza\u00e7\u00e3o dos pais ou respons\u00e1veis. As doa\u00e7\u00f5es poder\u00e3o ser entregues em pontos de coleta, que ser\u00e3o instalados na cidade.</h3>\r\n<h3>\u00a0</h3>\r\n<h3 dir=\"ltr\">Os cabelos doados v\u00e3o contribuir para a confec\u00e7\u00e3o de perucas ou outros acess\u00f3rios capilares, auxiliando os pacientes em tratamento a recuperar sua autoestima. A iniciativa promover\u00e1 campanhas educativas e de conscientiza\u00e7\u00e3o sobre a import\u00e2ncia da doa\u00e7\u00e3o de cabelos.</h3>\r\n<h3>\u00a0</h3>\r\n<h3 dir=\"ltr\">O vereador Igor Junior destacou a import\u00e2ncia emocional e financeira da doa\u00e7\u00e3o de cabelo, ressaltando que essa iniciativa contribui para conscientizar a popula\u00e7\u00e3o sobre condi\u00e7\u00f5es m\u00e9dicas que causam a perda de cabelo, como o c\u00e2ncer e a alopecia.</h3>\r\n<h3>\u00a0</h3>\r\n<h3 dir=\"ltr\"><em>\u201cA doa\u00e7\u00e3o de cabelo ajuda a conscientizar a popula\u00e7\u00e3o sobre as condi\u00e7\u00f5es m\u00e9dicas que causam a perda de cabelo, como o c\u00e2ncer e a alopecia. Isso pode levar a uma maior compreens\u00e3o e apoio \u00e0s pessoas que enfrentam essas condi\u00e7\u00f5es. Atrav\u00e9s da doa\u00e7\u00e3o de cabelo, as pessoas podem desenvolver uma maior sensibilidade e empatia em rela\u00e7\u00e3o \u00e0s lutas e desafios enfrentados por outras pessoas que passam pelo tratamento de c\u00e2ncer em sua comunidade. Isso pode levar a um maior senso de solidariedade e responsabilidade social\",</em> justificou o vereador.\u00a0</h3>", "author_name": "", "version": "1.0", "author_url": "https://www.itabirito.mg.leg.br/author/comunicacao", "provider_name": "C\u00e2mara Municipal de Itabirito", "type": "rich"}