{"provider_url": "https://www.itabirito.mg.leg.br", "title": "Itabirito passa a ter o programa \u2018Em Movimento\u201d", "html": "<h3 dir=\"ltr\">Foi sancionada a Lei Municipal n\u00ba 4.051, que institui o Programa \u201cEm Movimento\u201d na cidade de Itabirito. A nova legisla\u00e7\u00e3o visa promover a\u00e7\u00f5es voltadas para uma vida saud\u00e1vel, por meio do combate ao sedentarismo e do desenvolvimento de programas que previnam a obesidade infantojuvenil, adulta e idosa no munic\u00edpio.</h3>\r\n<h3><span><span><br /></span></span></h3>\r\n<h3 dir=\"ltr\"><span>Al\u00e9m de promover a orienta\u00e7\u00e3o alimentar, estimulando e promovendo a atividade f\u00edsica, o programa tamb\u00e9m ir\u00e1 desenvolver outras a\u00e7\u00f5es voltadas para a redu\u00e7\u00e3o de peso nas diversas faixas et\u00e1rias.</span></h3>\r\n<h3><span><span><br /></span></span></h3>\r\n<h3 dir=\"ltr\"><span>Um dos objetivos do programa \u00e9 desenvolver projetos direcionados \u00e0 atividade f\u00edsica nas pra\u00e7as, escolas, parques, postos de sa\u00fade e em outros locais p\u00fablicos, abrangendo:</span></h3>\r\n<h3 dir=\"ltr\"><span>- Interdi\u00e7\u00e3o de vias em hor\u00e1rios alternativos para a pr\u00e1tica de caminhadas e\u00a0</span>passeios cicl\u00edsticos;\u00a0</h3>\r\n<h3 dir=\"ltr\"><span>- Abertura das unidades escolares e de sa\u00fade nos finais de semana.</span></h3>\r\n<h3><span><span><br /></span></span></h3>\r\n<h3 dir=\"ltr\"><span>Tamb\u00e9m ser\u00e3o realizadas campanhas educativas com informa\u00e7\u00f5es sobre a qualidade dos alimentos e o que \u00e9 preciso fazer para ter uma boa nutri\u00e7\u00e3o.</span></h3>\r\n<h3><span><span><br /></span></span></h3>\r\n<h3 dir=\"ltr\"><span>O vereador Igor Junior (Solidariedade) foi o autor do Projeto de Lei. \u201c A obesidade \u00e9 um forte problema de sa\u00fade p\u00fablica e \u00e9 melhor prevenir, desde a inf\u00e2ncia e adolesc\u00eancia, que remediar no decorrer da vida. A cria\u00e7\u00e3o de uma cultura de\u00a0</span>cidade saud\u00e1vel, onde a popula\u00e7\u00e3o pratica esportes e se alimenta bem, \u00e9 essencial para uma vida feliz\u201d, justificou o vereador.</h3>\r\n<h3><span id=\"docs-internal-guid-863a26b9-7fff-9de2-0407-f790550b46c0\"><br /><br /><br /></span></h3>", "author_name": "", "version": "1.0", "author_url": "https://www.itabirito.mg.leg.br/author/comunicacao", "provider_name": "C\u00e2mara Municipal de Itabirito", "type": "rich"}