{"provider_url": "https://www.itabirito.mg.leg.br", "title": "Itabirito oficializa a Jornada Pascoal como manifesta\u00e7\u00e3o cultural", "html": "<h3 dir=\"ltr\">Foi sancionada a Lei n\u00ba 4.334, que institui a Jornada Pascoal como manifesta\u00e7\u00e3o cultural reconhecida oficialmente pelo munic\u00edpio de Itabirito. Realizada tradicionalmente durante a Semana Santa, a Jornada Pascoal re\u00fane encena\u00e7\u00f5es da Paix\u00e3o de Cristo, prociss\u00f5es, apresenta\u00e7\u00f5es musicais e teatrais, al\u00e9m de atividades educativas, promovendo a preserva\u00e7\u00e3o da f\u00e9 e da identidade cultural da cidade.</h3>\r\n<h3>\u00a0</h3>\r\n<h3 dir=\"ltr\">De autoria do vereador Danilo Donato do S\u00f3 Por Hoje (PL), a lei destaca que a jornada vai al\u00e9m do aspecto religioso, sendo uma express\u00e3o viva da cultura itabiritense e um momento de reflex\u00e3o, pertencimento e fortalecimento das tradi\u00e7\u00f5es locais. <em>\u201cCom a institucionaliza\u00e7\u00e3o da Jornada Pascoal, Itabirito cumpre seu papel de proteger, fomentar e difundir as manifesta\u00e7\u00f5es culturais de sua popula\u00e7\u00e3o, em conformidade com a Constitui\u00e7\u00e3o Federal\u201d</em>, afirmou o parlamentar.</h3>\r\n<h3>\u00a0</h3>\r\n<h3 dir=\"ltr\">O Poder Executivo Municipal poder\u00e1 incluir o evento no calend\u00e1rio oficial, apoiar e fomentar a realiza\u00e7\u00e3o da Jornada por meio de parcerias com associa\u00e7\u00f5es culturais, religiosas e comunit\u00e1rias, concess\u00e3o de suporte log\u00edstico e financeiro, al\u00e9m de a\u00e7\u00f5es de divulga\u00e7\u00e3o e valoriza\u00e7\u00e3o da tradi\u00e7\u00e3o.</h3>\r\n<h3>\u00a0</h3>\r\n<h3 dir=\"ltr\">A programa\u00e7\u00e3o anual contar\u00e1 com apresenta\u00e7\u00f5es culturais e religiosas de grupos locais, encena\u00e7\u00f5es teatrais da Paix\u00e3o de Cristo, cortejos, celebra\u00e7\u00f5es lit\u00fargicas, prociss\u00f5es, oficinas, palestras e atividades educativas sobre a tradi\u00e7\u00e3o pascoal em Itabirito, fortalecendo o patrim\u00f4nio cultural e espiritual da cidade.</h3>\r\n<h3><span><br /></span></h3>", "author_name": "", "version": "1.0", "author_url": "https://www.itabirito.mg.leg.br/author/comunicacao", "provider_name": "C\u00e2mara Municipal de Itabirito", "type": "rich"}