{"provider_url": "https://www.itabirito.mg.leg.br", "title": "Itabirito institui Semana Municipal da Musicoterapia", "html": "<h3 dir=\"ltr\">A Lei n\u00ba 4.232, sancionada em Itabirito, institui oficialmente a Semana Municipal da Musicoterapia, que passar\u00e1 a ser celebrada todos os anos na semana do dia 15 de setembro. A iniciativa, proposta pelo vereador Lucas do Z\u00e9 Maria (MDB), visa divulgar, incentivar e valorizar o uso terap\u00eautico da m\u00fasica como ferramenta de promo\u00e7\u00e3o da sa\u00fade e do bem-estar.</h3>\r\n<h3>\u00a0</h3>\r\n<h3 dir=\"ltr\">De acordo com o parlamentar, a proposta tem como objetivo estimular o reconhecimento da musicoterapia como pr\u00e1tica complementar no tratamento de diversas condi\u00e7\u00f5es f\u00edsicas, mentais e sociais. <em>\u201cA iniciativa busca utilizar a m\u00fasica e seus elementos, como o som, ritmo, melodia e harmonia, para reabilitar indiv\u00edduos ou grupos. A t\u00e9cnica ajuda especialmente pessoas com dist\u00farbios da fala e da audi\u00e7\u00e3o, por meio do uso de instrumentos, canto e at\u00e9 ru\u00eddos\u201d,</em> afirmou Lucas.</h3>\r\n<h3>\u00a0</h3>\r\n<h3 dir=\"ltr\">A musicoterapia \u00e9 uma pr\u00e1tica cl\u00ednica fundamentada que utiliza a m\u00fasica para alcan\u00e7ar objetivos terap\u00eauticos, como melhorar a comunica\u00e7\u00e3o, reduzir a ansiedade, estimular a mem\u00f3ria e promover o desenvolvimento motor. \u00c9 aplicada por profissionais qualificados em contextos hospitalares, educacionais e comunit\u00e1rios, atendendo desde crian\u00e7as autistas at\u00e9 idosos com Alzheimer.</h3>\r\n<h3>\u00a0</h3>\r\n<h3 dir=\"ltr\">Durante a semana comemorativa, a expectativa \u00e9 que sejam realizadas oficinas, palestras, apresenta\u00e7\u00f5es musicais, sess\u00f5es demonstrativas de musicoterapia e a\u00e7\u00f5es educativas, envolvendo profissionais da sa\u00fade, da educa\u00e7\u00e3o e da cultura, al\u00e9m da popula\u00e7\u00e3o em geral.</h3>\r\n<h3><span><br /></span></h3>", "author_name": "", "version": "1.0", "author_url": "https://www.itabirito.mg.leg.br/author/comunicacao", "provider_name": "C\u00e2mara Municipal de Itabirito", "type": "rich"}