{"provider_url": "https://www.itabirito.mg.leg.br", "title": "Itabirito institui Programa de Valoriza\u00e7\u00e3o da Vida ", "html": "<h3 dir=\"ltr\">Foi sancionada a Lei n\u00ba 4.450, que estabelece diretrizes para a cria\u00e7\u00e3o do Programa de Valoriza\u00e7\u00e3o da Vida nas escolas p\u00fablicas e privadas do munic\u00edpio de Itabirito. A iniciativa tem como foco promover a\u00e7\u00f5es de conscientiza\u00e7\u00e3o, preven\u00e7\u00e3o e combate \u00e0 depress\u00e3o, automutila\u00e7\u00e3o e suic\u00eddio entre crian\u00e7as e adolescentes, al\u00e9m de fortalecer a sa\u00fade emocional e o bem-estar escolar.</h3>\r\n<h3>\u00a0</h3>\r\n<h3 dir=\"ltr\">Autor da iniciativa, o vereador Manoel da Autoescola (PT) destacou a import\u00e2ncia da pol\u00edtica p\u00fablica no cuidado com a juventude:</h3>\r\n<h3>\u00a0</h3>\r\n<h3 dir=\"ltr\"><em>\u201cO programa consiste em medidas de conscientiza\u00e7\u00e3o, preven\u00e7\u00e3o e combate \u00e0 depress\u00e3o, \u00e0 automutila\u00e7\u00e3o e ao suic\u00eddio, mediante o fortalecimento da autoestima e solidifica\u00e7\u00e3o de valores que sustentem o desenvolvimento psicossocial, contribuindo para a resolu\u00e7\u00e3o de conflitos cotidianos e protegendo, de forma incondicional, a vida dos estudantes.\u201d</em></h3>\r\n<h3>\u00a0</h3>\r\n<h3 dir=\"ltr\">A lei prev\u00ea que o programa tamb\u00e9m envolva pais, comunidade escolar, associa\u00e7\u00f5es de pais e mestres e demais respons\u00e1veis, com o objetivo de ampliar o debate sobre sa\u00fade mental e desenvolver estrat\u00e9gias de preven\u00e7\u00e3o no ambiente educacional.</h3>\r\n<h3>\u00a0</h3>\r\n<h3 dir=\"ltr\">Entre as diretrizes definidas, est\u00e3o: identifica\u00e7\u00e3o e monitoramento de situa\u00e7\u00f5es que possam levar a depress\u00e3o, automutila\u00e7\u00e3o ou risco de suic\u00eddio; capacita\u00e7\u00e3o de professores e equipes t\u00e9cnico-pedag\u00f3gicas, em parceria com a Secretaria Municipal de Sa\u00fade e institui\u00e7\u00f5es p\u00fablicas e privadas; promo\u00e7\u00e3o de a\u00e7\u00f5es educativas e socioemocionais focadas em resili\u00eancia, autoconhecimento e conviv\u00eancia pac\u00edfica; implementa\u00e7\u00e3o de pr\u00e1ticas para media\u00e7\u00e3o de conflitos e promo\u00e7\u00e3o de cidadania, respeito aos direitos humanos e bem-estar coletivo.</h3>\r\n<h3>\u00a0</h3>\r\n<h3 dir=\"ltr\">A lei tamb\u00e9m autoriza a realiza\u00e7\u00e3o de palestras, debates, forma\u00e7\u00e3o continuada para profissionais da educa\u00e7\u00e3o e distribui\u00e7\u00e3o de materiais informativos para as fam\u00edlias dos estudantes.</h3>\r\n<h3><span><br /></span></h3>", "author_name": "", "version": "1.0", "author_url": "https://www.itabirito.mg.leg.br/author/comunicacao", "provider_name": "C\u00e2mara Municipal de Itabirito", "type": "rich"}