{"provider_url": "https://www.itabirito.mg.leg.br", "title": "Itabirito institui o Dia Municipal de Conserva\u00e7\u00e3o do Solo", "html": "<h3 dir=\"ltr\">A Lei n\u00ba 4.268, sancionada em Itabirito, institui o Dia Municipal de Conserva\u00e7\u00e3o do Solo, a ser comemorado anualmente no dia 15 de abril. A iniciativa tem como objetivo mobilizar a popula\u00e7\u00e3o para a preserva\u00e7\u00e3o do solo e o uso sustent\u00e1vel desse recurso essencial \u00e0 vida no planeta.\u00a0</h3>\r\n<h3></h3>\r\n<p>\u00a0</p>\r\n<h3 dir=\"ltr\">A nova legisla\u00e7\u00e3o prev\u00ea a\u00e7\u00f5es educativas, campanhas de conscientiza\u00e7\u00e3o e parcerias com institui\u00e7\u00f5es p\u00fablicas e privadas, valorizando pr\u00e1ticas sustent\u00e1veis e a recupera\u00e7\u00e3o de \u00e1reas degradadas.</h3>\r\n<p>\u00a0</p>\r\n<h3></h3>\r\n<h3 dir=\"ltr\">O autor do projeto, vereador Manoel da Autoescola (PT), destacou que a proposta visa fortalecer a educa\u00e7\u00e3o ambiental e fomentar uma cultura de respeito ao meio ambiente:\u00a0\u201cConservar \u00e9 preservar! \u00c9 tempo de fazermos uma reflex\u00e3o sobre a import\u00e2ncia da correta utiliza\u00e7\u00e3o da terra para evitarmos a degrada\u00e7\u00e3o. Preservar o solo \u00e9 preservar a vida.\u201d</h3>\r\n<p>\u00a0</p>\r\n<h3></h3>\r\n<h3 dir=\"ltr\">As a\u00e7\u00f5es previstas para o Dia Municipal incluem palestras, semin\u00e1rios, workshops, campanhas contra a eros\u00e3o e o desmatamento, al\u00e9m do incentivo \u00e0 agricultura sustent\u00e1vel, ao manejo respons\u00e1vel do solo e \u00e0 realiza\u00e7\u00e3o de a\u00e7\u00f5es de reflorestamento. As comemora\u00e7\u00f5es poder\u00e3o contar com a colabora\u00e7\u00e3o de escolas, universidades, ONGs e empresas engajadas na causa ambiental.</h3>\r\n<p>\u00a0</p>\r\n<h3></h3>\r\n<h3 dir=\"ltr\">A data escolhida, 15 de abril, coincide com o Dia Nacional da Conserva\u00e7\u00e3o do Solo, criado pelo Decreto de Lei n\u00ba 7.876/1989, em homenagem ao americano Hugh Hammond Bennett, refer\u00eancia mundial na defesa da conserva\u00e7\u00e3o dos solos.</h3>", "author_name": "", "version": "1.0", "author_url": "https://www.itabirito.mg.leg.br/author/comunicacao", "provider_name": "C\u00e2mara Municipal de Itabirito", "type": "rich"}