{"provider_url": "https://www.itabirito.mg.leg.br", "title": "Itabirito institui o Dia Municipal de A\u00e7\u00e3o de Gra\u00e7as", "html": "<h3 dir=\"ltr\">Itabirito agora conta oficialmente com o Dia Municipal de A\u00e7\u00e3o de Gra\u00e7as, institu\u00eddo por meio da Lei n\u00ba 4.277. A data ser\u00e1 comemorada anualmente na \u00faltima quinta-feira do m\u00eas de novembro, passando a integrar o Calend\u00e1rio Oficial de Eventos do munic\u00edpio.</h3>\r\n<h3>\u00a0</h3>\r\n<h3 dir=\"ltr\">A iniciativa, proposta pelo vereador Anderson do Sou Not\u00edcia (PL), visa incentivar a\u00e7\u00f5es de gratid\u00e3o, solidariedade e integra\u00e7\u00e3o social. Segundo o parlamentar, a cria\u00e7\u00e3o da data busca \u201cfortalecer a cultura local e promover o envolvimento ativo da popula\u00e7\u00e3o em a\u00e7\u00f5es de valoriza\u00e7\u00e3o comunit\u00e1ria, unindo setores como a iniciativa privada, organiza\u00e7\u00f5es civis e movimentos populares\u201d.</h3>\r\n<h3>\u00a0</h3>\r\n<h3 dir=\"ltr\">A nova lei permite ao Poder Executivo promover a data por meio de campanhas de arrecada\u00e7\u00e3o, divulga\u00e7\u00e3o em canais oficiais e parcerias para realiza\u00e7\u00e3o de eventos sociais e comunit\u00e1rios. Entre os objetivos est\u00e3o a doa\u00e7\u00e3o de roupas, alimentos e outros itens, al\u00e9m da promo\u00e7\u00e3o de eventos que incentivem a participa\u00e7\u00e3o popular.</h3>\r\n<h3>\u00a0</h3>\r\n<h3 dir=\"ltr\">A celebra\u00e7\u00e3o do Dia Municipal de A\u00e7\u00e3o de Gra\u00e7as oferece uma oportunidade simb\u00f3lica e pr\u00e1tica para refletir sobre a import\u00e2ncia da solidariedade, agradecer conquistas e estimular a uni\u00e3o em torno de causas sociais no munic\u00edpio.</h3>\r\n<h3><span><br /></span></h3>", "author_name": "", "version": "1.0", "author_url": "https://www.itabirito.mg.leg.br/author/comunicacao", "provider_name": "C\u00e2mara Municipal de Itabirito", "type": "rich"}