{"provider_url": "https://www.itabirito.mg.leg.br", "title": "Itabirito institui o Dia Municipal da Mulher Negra", "html": "<h3 dir=\"ltr\">Foi sancionada a Lei n\u00ba 4.398, que institui o \u201cDia Municipal da Mulher Negra\u201d, a ser comemorado anualmente, em Itabirito, no dia 25 de julho. A data passa a integrar o calend\u00e1rio oficial de eventos do munic\u00edpio e tem como objetivo promover reflex\u00f5es e a\u00e7\u00f5es voltadas \u00e0 valoriza\u00e7\u00e3o, resist\u00eancia e protagonismo das mulheres negras na sociedade.</h3>\r\n<h3>\u00a0</h3>\r\n<h3 dir=\"ltr\">De autoria do vereador Manoel da Autoescola (PT), a iniciativa destaca a import\u00e2ncia da data como um marco simb\u00f3lico da luta contra o racismo e a desigualdade socioecon\u00f4mica que ainda afetam mulheres negras em todo o pa\u00eds. Segundo o parlamentar, os dados de institutos de pesquisa evidenciam que as mulheres negras trabalham mais, mas recebem menos e enfrentam condi\u00e7\u00f5es mais prec\u00e1rias de trabalho e renda.</h3>\r\n<h3>\u00a0</h3>\r\n<h3 dir=\"ltr\"><em>\u201cMais mulheres negras est\u00e3o em processo de empoderamento, lutando para transformar a realidade, superar as desigualdades e construir uma nova cultura na sociedade. A comemora\u00e7\u00e3o desta data tem o objetivo de refletir sobre a trajet\u00f3ria daquelas que contribu\u00edram com muita garra para a constru\u00e7\u00e3o da nossa hist\u00f3ria\u201d,</em> justificou o vereador.</h3>\r\n<h3>\u00a0</h3>\r\n<h3 dir=\"ltr\">A lei tamb\u00e9m prev\u00ea a possibilidade de homenagens a pessoas e institui\u00e7\u00f5es que se destacam na defesa dos direitos das mulheres negras, por meio de Diplomas de Men\u00e7\u00e3o Honrosa ou Reconhecimento de M\u00e9rito. Al\u00e9m disso, o Poder Executivo poder\u00e1 utilizar meios de comunica\u00e7\u00e3o para divulgar mensagens e campanhas alusivas \u00e0 data, incentivando a participa\u00e7\u00e3o da comunidade itabiritense.</h3>\r\n<div><span><br /></span></div>", "author_name": "", "version": "1.0", "author_url": "https://www.itabirito.mg.leg.br/author/comunicacao", "provider_name": "C\u00e2mara Municipal de Itabirito", "type": "rich"}