{"provider_url": "https://www.itabirito.mg.leg.br", "title": "Itabirito institui \"Dia In Memoriam dos Prefeitos\" ", "html": "<h3 dir=\"ltr\">Foi sancionada a Lei Municipal n\u00b0 4.193, que institui no Calend\u00e1rio Oficial de Itabirito\u00a0 o \"Dia In Memoriam dos Prefeitos\". A nova data ser\u00e1 celebrada anualmente no dia 4 de setembro, em reconhecimento aos prefeitos falecidos que governaram a cidade e contribu\u00edram para o desenvolvimento do munic\u00edpio.</h3>\r\n<h3><span><span><br /></span></span></h3>\r\n<h3 dir=\"ltr\"><span>De acordo com a nova lei, poder\u00e1 ser realizada uma celebra\u00e7\u00e3o ecum\u00eanica em homenagem aos ex-prefeitos, refor\u00e7ando o respeito e a gratid\u00e3o da popula\u00e7\u00e3o pelos gestores que desempenharam papel fundamental na condu\u00e7\u00e3o das pol\u00edticas p\u00fablicas e no crescimento econ\u00f4mico e social de Itabirito.</span></h3>\r\n<h3><span><span><br /></span></span></h3>\r\n<h3 dir=\"ltr\"><span>O Projeto de Lei \u00e9 de autoria do vereador Daniel Sudano (Cidadania). </span><span>\u201cA cria\u00e7\u00e3o desta homenagem n\u00e3o apenas presta o devido respeito \u00e0 trajet\u00f3ria de vida e ao legado dos prefeitos falecidos, mas tamb\u00e9m refor\u00e7a o sentimento de pertencimento e gratid\u00e3o na comunidade. Trata-se de uma maneira de inspirar as atuais e futuras gera\u00e7\u00f5es de gestores e cidad\u00e3os, destacando o valor do servi\u00e7o p\u00fablico pautado pelo trabalho e pela dedica\u00e7\u00e3o ao munic\u00edpio\u201d</span><span>, justificou o parlamentar.\u00a0</span></h3>\r\n<div><span><br /></span></div>", "author_name": "", "version": "1.0", "author_url": "https://www.itabirito.mg.leg.br/author/comunicacao", "provider_name": "C\u00e2mara Municipal de Itabirito", "type": "rich"}