{"provider_url": "https://www.itabirito.mg.leg.br", "title": "Itabirito institui a Semana de Conscientiza\u00e7\u00e3o do Luto Parental", "html": "<h3 dir=\"ltr\">Itabirito sancionou a Lei n\u00ba 4.269, que institui a Semana de Conscientiza\u00e7\u00e3o do Luto Parental no calend\u00e1rio oficial do munic\u00edpio. A ser realizada anualmente na primeira semana de julho, a a\u00e7\u00e3o tem como objetivo romper o sil\u00eancio que cerca a dor da perda de filhos, oferecendo suporte, escuta e empatia \u00e0s fam\u00edlias enlutadas.</h3>\r\n<h3><span><span><br /></span></span></h3>\r\n<h3 dir=\"ltr\"><span>Proposta pelo vereador Anderson do Sou Not\u00edcia (PL), a iniciativa reconhece a profundidade do luto parental e prop\u00f5e uma s\u00e9rie de a\u00e7\u00f5es voltadas \u00e0 conscientiza\u00e7\u00e3o, orienta\u00e7\u00e3o e acolhimento:</span></h3>\r\n<h3><span><span><br /></span></span></h3>\r\n<h3 dir=\"ltr\"><span>\u201cO luto parental \u00e9 uma experi\u00eancia profundamente dolorosa, que muitas vezes \u00e9 tratada de forma silenciada ou estigmatizada. Ao instituir esta semana, buscamos abrir espa\u00e7o para o di\u00e1logo, a escuta e o apoio emocional, ajudando essas fam\u00edlias a ressignificarem a dor com mais dignidade\u201d</span><span>, afirmou o parlamentar.</span></h3>\r\n<p><span><span><br /></span></span></p>\r\n<h3 dir=\"ltr\"><span>Durante a Semana, poder\u00e3o ser promovidas palestras, rodas de conversa, campanhas informativas e atividades que ofere\u00e7am orienta\u00e7\u00e3o pr\u00e1tica e emocional aos pais que vivenciam esse tipo de perda. As a\u00e7\u00f5es poder\u00e3o ser organizadas por escolas, universidades, empresas, \u00f3rg\u00e3os p\u00fablicos e organiza\u00e7\u00f5es sociais, com apoio da gest\u00e3o municipal.</span></h3>\r\n<h3><span><span><br /></span></span></h3>\r\n<h3 dir=\"ltr\"><span>Os principais objetivos da campanha incluem romper estigmas, estimular o di\u00e1logo, oferecer suporte psicol\u00f3gico, e honrar a mem\u00f3ria dos filhos que partiram, criando espa\u00e7os sens\u00edveis para que os pais se sintam amparados e compreendidos.</span></h3>\r\n<div><span><br /></span></div>", "author_name": "", "version": "1.0", "author_url": "https://www.itabirito.mg.leg.br/author/comunicacao", "provider_name": "C\u00e2mara Municipal de Itabirito", "type": "rich"}