{"provider_url": "https://www.itabirito.mg.leg.br", "title": "Itabirito cria Semana Municipal de Preven\u00e7\u00e3o de Riscos e Desastres", "html": "<h3 dir=\"ltr\">Foi sancionada em Itabirito a Lei n\u00ba 4.322, que institui a \u201cSemana Municipal de Preven\u00e7\u00e3o de Riscos e Desastres\u201d. A nova data, criada por iniciativa do vereador Anderson do Sou Not\u00edcia (PL), ser\u00e1 celebrada anualmente entre os dias 13 e 19 de outubro e passa a integrar o Calend\u00e1rio Oficial do Munic\u00edpio.</h3>\r\n<h3>\u00a0</h3>\r\n<h3 dir=\"ltr\">Segundo o autor, a proposta tem como objetivo promover um momento anual para intensificar a\u00e7\u00f5es educativas junto \u00e0 comunidade, refor\u00e7ando a import\u00e2ncia da preven\u00e7\u00e3o e da responsabilidade coletiva na mitiga\u00e7\u00e3o de riscos. <em>\u201cA referida semana busca criar um momento anual para a intensifica\u00e7\u00e3o de a\u00e7\u00f5es educativas que envolvam a comunidade no enfrentamento de riscos que podem ocorrer no cotidiano, al\u00e9m de gerar um entendimento coletivo sobre a responsabilidade de cada indiv\u00edduo na prote\u00e7\u00e3o e mitiga\u00e7\u00e3o dos riscos de desastres, com intuito de conscientiza\u00e7\u00e3o da popula\u00e7\u00e3o\u201d</em>, destacou o vereador.</h3>\r\n<h3>\u00a0</h3>\r\n<h3 dir=\"ltr\">Durante o per\u00edodo, poder\u00e3o ser realizadas campanhas de conscientiza\u00e7\u00e3o, debates sobre a responsabilidade individual na preven\u00e7\u00e3o, palestras e atividades voltadas \u00e0 redu\u00e7\u00e3o de riscos, especialmente os ligados a desastres naturais. A lei tamb\u00e9m prev\u00ea que o munic\u00edpio poder\u00e1 firmar conv\u00eanios com entidades representativas para viabilizar as a\u00e7\u00f5es.</h3>\r\n<h3>\u00a0</h3>\r\n<h3 dir=\"ltr\">Com a medida, a Prefeitura e a comunidade ter\u00e3o um calend\u00e1rio fixo para refor\u00e7ar pr\u00e1ticas preventivas e ampliar o conhecimento sobre como agir em situa\u00e7\u00f5es de risco, visando reduzir danos e preservar vidas.</h3>\r\n<h3><span><br /></span></h3>", "author_name": "", "version": "1.0", "author_url": "https://www.itabirito.mg.leg.br/author/comunicacao", "provider_name": "C\u00e2mara Municipal de Itabirito", "type": "rich"}