{"provider_url": "https://www.itabirito.mg.leg.br", "title": "Itabirito adere ao Programa Selo Preven\u00e7\u00e3o Minas", "html": "<h3 dir=\"ltr\"><span>A cidade de Itabirito acaba de aderir ao Programa Selo Preven\u00e7\u00e3o Minas: uma iniciativa da Subsecretaria de Preven\u00e7\u00e3o \u00e0 Criminalidade, do Governo de Minas, que visa contribuir para a cria\u00e7\u00e3o e o fortalecimento de pol\u00edticas p\u00fablicas direcionadas \u00e0 redu\u00e7\u00e3o e preven\u00e7\u00e3o da criminalidade e das viol\u00eancias.</span></h3>\r\n<p>\u00a0</p>\r\n<h3 dir=\"ltr\">O ciclo do Programa possui seis etapas que, se conclu\u00eddas de maneira exitosa, resultam na certifica\u00e7\u00e3o do munic\u00edpio, pela Secretaria de Estado de Justi\u00e7a e Seguran\u00e7a P\u00fablica (Sejusp), com o Selo Preven\u00e7\u00e3o Minas e no seu reconhecimento como parceiro da Pol\u00edtica Estadual de Preven\u00e7\u00e3o Social \u00e0 Criminalidade.</h3>\r\n<h3>\u00a0</h3>\r\n<h3 dir=\"ltr\">A assinatura simb\u00f3lica do acordo de coopera\u00e7\u00e3o t\u00e9cnica, entre o munic\u00edpio e o estado, aconteceu nesta quinta-feira (17), no Plen\u00e1rio da C\u00e2mara. Al\u00e9m do presidente da C\u00e2mara, Arnaldo dos Santos, e do prefeito de Itabirito, Orlando Caldeira, estiveram presentes o secret\u00e1rio-adjunto de Justi\u00e7a e Seguran\u00e7a de Minas, Jeferson Botelho, e a subsecret\u00e1ria de Preven\u00e7\u00e3o \u00e0 Criminalidade, Andreza Meneghin.</h3>\r\n<h3>\u00a0</h3>\r\n<h3 dir=\"ltr\">Tamb\u00e9m acompanharam a assinatura do acordo, o secret\u00e1rio municipal de Seguran\u00e7a e Tr\u00e2nsito, Ant\u00f4nio Pataro, o\u00a0 juiz de Direito, Ant\u00f4nio Francisco Gon\u00e7alves, o promotor de Justi\u00e7a, Umberto Bizzo, o comandante da Pol\u00edcia Militar de Minas Gerais em Itabirito, Rafael Ver\u00edssimo, e o delegado da Pol\u00edcia Civil, Marcelo Teot\u00f4nio de Castro.</h3>\r\n<p><span id=\"docs-internal-guid-84f6c6d2-7fff-dcbe-a5b5-3b25a43f8c81\"><br /><br /><br /><br /></span></p>", "author_name": "Comunica\u00e7\u00e3o", "version": "1.0", "author_url": "https://www.itabirito.mg.leg.br/author/Comunica\u00e7\u00e3o", "provider_name": "C\u00e2mara Municipal de Itabirito", "type": "rich"}