{"provider_url": "https://www.itabirito.mg.leg.br", "title": "C\u00e2mara presta homenagem \u00e0s garis de Itabirito", "html": "<h3 dir=\"ltr\"><span>Na \u00faltima sexta-feira (16/05), Dia Nacional do Gari, a C\u00e2mara Municipal de Itabirito prestou homenagem a cinco profissionais da limpeza urbana com a entrega da Mo\u00e7\u00e3o de Bons Servi\u00e7os. A solenidade, aberta ao p\u00fablico, foi realizada no Plen\u00e1rio da Casa Legislativa e contou com a presen\u00e7a do prefeito Dr. Elio de Mata, do vice-prefeito Raphael Rondow, vereadores, secret\u00e1rios municipais e p\u00fablico em geral.</span></h3>\r\n<p><span><br /></span></p>\r\n<h3 dir=\"ltr\"><span>A homenagem est\u00e1 prevista na Lei Municipal n\u00ba 3.181/2016, que reconhece a import\u00e2ncia do trabalho dos garis na manuten\u00e7\u00e3o da limpeza e bem-estar da cidade.\u00a0</span></h3>\r\n<p><span><br /></span></p>\r\n<h3 dir=\"ltr\"><span>Durante o evento, o vice-prefeito destacou que a homenagem n\u00e3o pode ser apenas simb\u00f3lica, mas um chamado \u00e0 responsabilidade p\u00fablica por melhores condi\u00e7\u00f5es de trabalho. J\u00e1 o prefeito ressaltou a interdepend\u00eancia entre os diversos setores da administra\u00e7\u00e3o e elogiou a dedica\u00e7\u00e3o dos garis, refor\u00e7ando que <em>\"sem o trabalho de voc\u00eas, o caos estaria instalado\".</em></span></h3>\r\n<p><span><br /></span></p>\r\n<h3 dir=\"ltr\"><span>Os representantes da Mesa Diretora da C\u00e2mara tamb\u00e9m deixaram suas mensagens. O presidente M\u00e1rcio Juninho (Cidadania) enfatizou o impacto positivo do trabalho dos garis na vida urbana e ressaltou a percep\u00e7\u00e3o p\u00fablica sobre a limpeza da cidade. </span><em>\u201cFica aqui o meu agradecimento pelo carinho que voc\u00eas t\u00eam pela nossa cidade, pelo zelo, por deixarem cada cantinho do munic\u00edpio bem limpinho. \u00c9 bom para quem chegar na cidade reconhecer que ela est\u00e1 limpa e linda\u201d</em><span>, disse.</span></h3>\r\n<p><span><br /></span></p>\r\n<h3 dir=\"ltr\"><span>O vice-presidente Fabinho Fonseca (PSD) e o secret\u00e1rio Manoel da Autoescola (PT) destacaram a relev\u00e2ncia do trabalho dos garis para a sa\u00fade p\u00fablica e o bom funcionamento da cidade.</span></h3>\r\n<p><span><br /></span></p>\r\n<h3 dir=\"ltr\"><span>As profissionais, homenageadas este ano, foram escolhidas pelo setor de Limpeza Urbana da Prefeitura. Conhe\u00e7a um pouco de cada uma delas:</span></h3>\r\n<h3><span><span><br /></span></span></h3>\r\n<h3 dir=\"ltr\"><span>Isabel Cristina de Oliveira (representada por Maria Jos\u00e9 Azevedo)</span></h3>\r\n<h3><span><span><br /></span></span></h3>\r\n<h3 dir=\"ltr\"><span>Isabel nasceu em Belo Horizonte e \u00e9 m\u00e3e de cinco filhos: Jefferson, Luiz Claudio, P\u00e2mela, Paloma e Paola. Gari desde 2007, ela tem muito orgulho do seu trabalho e se sente muito importante pelo servi\u00e7o que presta a Itabirito. Isabel n\u00e3o pode comparecer \u00e0 sess\u00e3o solene e ser\u00e1 representada pela Coordenadora de Limpeza Urbana, Fl\u00e1via Ba\u00eata.\u00a0</span></h3>\r\n<h3><span><span><br /></span></span></h3>\r\n<h3 dir=\"ltr\"><span>Liliane Leopoldina da Silva (representada por Fl\u00e1via Ba\u00eata)</span></h3>\r\n<h3><span><span><br /></span></span></h3>\r\n<h3 dir=\"ltr\"><span>Nascida em Ribeir\u00e3o das Neves, Liliane \u00e9 m\u00e3e de quatro filhas: Milka, Rayssa, Alexia e Sophie. Gari desde de 2016, ela adora sua profiss\u00e3o. Liliane considera varrer as ruas de Itabirito uma terapia. Liliane n\u00e3o pode comparecer \u00e0 sess\u00e3o solene e ser\u00e1 representada por Maria Jos\u00e9 Azevedo.\u00a0</span></h3>\r\n<h3><span><span><br /></span></span></h3>\r\n<h3 dir=\"ltr\"><span>Marta Maria de Oliveira</span></h3>\r\n<h3><span><span><br /></span></span></h3>\r\n<h3 dir=\"ltr\"><span>Marta nasceu em Nova Lima e h\u00e1 20 anos mora em Itabirito. Casada com Luciano Jos\u00e9 Vieira Bas\u00edlio e madrasta da Lorraine, ela \u00e9 gari h\u00e1 13 anos. Marta adora fazer amizades e conversar com a popula\u00e7\u00e3o pelas ruas de Itabirito.\u00a0</span></h3>\r\n<p><span><br /></span></p>\r\n<h3 dir=\"ltr\"><span>Nilda Caetano (representada por Luana Ac\u00e1cio)</span></h3>\r\n<h3><span><span><br /></span></span></h3>\r\n<h3 dir=\"ltr\"><span>Nascida em Ponte Nova (MG), Nilda tem uma filha, chamada Ja\u00edne. Ela veio para Itabirito em 2013, quando se tornou gari municipal. O que ela mais gosta na profiss\u00e3o \u00e9 de conhecer pessoas diferentes todos os dias.</span></h3>\r\n<h3><span><span><br /></span></span></h3>\r\n<h3 dir=\"ltr\"><span>Rosimary Ribeiro de Souza\u00a0</span></h3>\r\n<h3><span><span><br /></span></span></h3>\r\n<h3 dir=\"ltr\"><span>Nascida em Belo Horizonte, Rosimary mora h\u00e1 24 anos em Itabirito e \u00e9 m\u00e3e de 6 filhos: Reginaldo, Thayna, Priscila, Amanda, Cristiane e Dalila Ela trabalha como gari h\u00e1 18 anos e tem muito orgulho da sua profiss\u00e3o.</span></h3>\r\n<h3><span id=\"docs-internal-guid-b1952559-7fff-1514-b807-037c700ce2a1\"><br /><br /></span></h3>", "author_name": "", "version": "1.0", "author_url": "https://www.itabirito.mg.leg.br/author/comunicacao", "provider_name": "C\u00e2mara Municipal de Itabirito", "type": "rich"}