{"provider_url": "https://www.itabirito.mg.leg.br", "title": "C\u00e2mara Municipal de Itabirito inicia 2026 com nova Mesa Diretora ", "html": "<h3 dir=\"ltr\">A C\u00e2mara Municipal de Itabirito iniciou um novo ciclo administrativo com a atua\u00e7\u00e3o da Mesa Diretora que conduzir\u00e1 os trabalhos do Legislativo ao longo de 2026. A composi\u00e7\u00e3o \u00e9 formada pelo vereador L\u00e9o do Social (PSDB), como presidente; Danilo Grilo (Cidadania), vice-presidente; e Fernando da Sheila (Mobiliza), secret\u00e1rio.</h3>\r\n<h3>\u00a0</h3>\r\n<h3 dir=\"ltr\">Em seu segundo mandato \u00e0 frente da presid\u00eancia da Casa (o primeiro ocorreu em 2021), L\u00e9o do Social destacou o compromisso com a organiza\u00e7\u00e3o institucional e a entrega de resultados \u00e0 popula\u00e7\u00e3o. <em>\u201cAssumir novamente a presid\u00eancia da C\u00e2mara \u00e9 uma grande honra e, acima de tudo, uma responsabilidade\u201d</em>, afirmou.</h3>\r\n<h3>\u00a0</h3>\r\n<h3 dir=\"ltr\">A nova Mesa Diretora assume com o prop\u00f3sito de fortalecer o di\u00e1logo entre os vereadores, garantir efici\u00eancia administrativa e ampliar a aproxima\u00e7\u00e3o do Legislativo com a popula\u00e7\u00e3o. Entre as diretrizes apontadas pela gest\u00e3o est\u00e3o a valoriza\u00e7\u00e3o do trabalho parlamentar, a transpar\u00eancia dos atos administrativos, o respeito \u00e0s diferentes posi\u00e7\u00f5es pol\u00edticas e o incentivo \u00e0 participa\u00e7\u00e3o cidad\u00e3 nos debates legislativos.</h3>\r\n<h3>\u00a0</h3>\r\n<h3 dir=\"ltr\">A condu\u00e7\u00e3o dos trabalhos tamb\u00e9m prev\u00ea a manuten\u00e7\u00e3o de um ambiente institucional equilibrado, assegurando espa\u00e7o para diferentes atua\u00e7\u00f5es, o fortalecimento dos mecanismos de escuta da sociedade e a abertura da C\u00e2mara para a\u00e7\u00f5es diversas, como visitas institucionais e iniciativas que aproximem estudantes e cidad\u00e3os do funcionamento do Poder Legislativo.</h3>\r\n<h3>\u00a0</h3>\r\n<h3 dir=\"ltr\">Com trajet\u00f3ria marcada pela atua\u00e7\u00e3o social, L\u00e9o do Social \u00e9 formado em Psicologia, foi diretor da Secretaria Municipal de Assist\u00eancia Social e cumpre seu quarto mandato consecultivo como vereador. Ao seu lado, Danilo Grilo, servidor p\u00fablico de carreira e vereador em segundo mandato, traz a experi\u00eancia de atua\u00e7\u00e3o nos bairros, distritos e no incentivo ao esporte e \u00e0 cidadania. J\u00e1 Fernando da Sheila, advogado e empres\u00e1rio, iniciou, em 2025, seu primeiro mandato legislativo, com foco em pautas voltadas \u00e0 justi\u00e7a social e \u00e0 melhoria da qualidade de vida da popula\u00e7\u00e3o itabiritense.</h3>\r\n<h3>\u00a0</h3>\r\n<h3 dir=\"ltr\">Vale ressaltar que a C\u00e2mara Municipal de Itabirito se encontra em recesso parlamentar, e que as reuni\u00f5es ordin\u00e1rias ser\u00e3o retomadas no dia 2 de fevereiro.</h3>\r\n<h3><span><br /></span></h3>", "author_name": "", "version": "1.0", "author_url": "https://www.itabirito.mg.leg.br/author/comunicacao", "provider_name": "C\u00e2mara Municipal de Itabirito", "type": "rich"}