{"provider_url": "https://www.itabirito.mg.leg.br", "title": "C\u00e2mara de Itabirito tem nova Mesa Diretora", "html": "<h3>Foi empossada nesta segunda-feira (3) a nova Mesa Diretora da C\u00e2mara Municipal de Itabirito. Arnaldo Pereira dos Santos (MDB) \u00e9 o presidente; Lucas Eduardo Gois Santos (MDB), o vice-presidente e M\u00e1rcio Ant\u00f4nio de Oliveira J\u00fanior (Cidadania) \u00e9 o secret\u00e1rio.<br /><br />A elei\u00e7\u00e3o da Mesa foi realizada em 20 dezembro do ano passado. Arnaldo dos Santos assume a presid\u00eancia da C\u00e2mara pela 7\u00aa vez. O vereador est\u00e1 no seu sexto mandato e \u00e9 o parlamentar mais antigo da C\u00e2mara. \u201cNosso cuidado na Casa vai ser para que nenhum de n\u00f3s, vereadores, sejamos maiores que a institui\u00e7\u00e3o C\u00e2mara Municipal de Itabirito. Vamos trabalhar para que n\u00f3s sejamos produtivos, como fomos no ano passado. Que n\u00f3s continuemos aqui nesta luta para defender os anseios da nossa cidade, principalmente daqueles menos assistidos, que t\u00eam mais dificuldade de ter acesso aos servi\u00e7os p\u00fablicos. Que seja esse nosso compromisso. E que o respeito impere nesta Casa\u201d, disse.<br /><br />O prefeito de Itabirito, Orlando Caldeira (Cidadania) compareceu \u00e0 sess\u00e3o solene e ressaltou a import\u00e2ncia do Poder Legislativo para o bom andamento da administra\u00e7\u00e3o p\u00fablica. \u201cAgora neste segundo ano de mandato, n\u00f3s temos um outro or\u00e7amento aprovado por voc\u00eas e n\u00f3s temos que acompanh\u00e1-lo em sua execu\u00e7\u00e3o. Conto com voc\u00eas para acompanhar, para fiscalizar, para que a gente possa fazer o melhor para a cidade\u201d, afirmou <br /><br />Ao final da sess\u00e3o, o ex-presidente da C\u00e2mara, Leandro Silva Marques, inaugurou sua foto na Galeria de Ex-Presidentes da Casa. \u201cAgrade\u00e7o aos vereadores da base por terem me dado um voto de confian\u00e7a para assumir a presid\u00eancia desta Casa. Com todos os desafios, fizemos o nosso melhor\u201d, ressaltou.</h3>\r\n<h3><br />A C\u00e2mara de Itabirito retornou do recesso parlamentar. Neste m\u00eas, ser\u00e3o realizadas reuni\u00f5es extraordin\u00e1rias. A primeira reuni\u00e3o ordin\u00e1ria ocorrer\u00e1 no dia 7 de fevereiro.</h3>", "author_name": "Comunica\u00e7\u00e3o", "version": "1.0", "author_url": "https://www.itabirito.mg.leg.br/author/Comunica\u00e7\u00e3o", "provider_name": "C\u00e2mara Municipal de Itabirito", "type": "rich"}