{"provider_url": "https://www.itabirito.mg.leg.br", "title": "C\u00e2mara de Itabirito promove encontro com servidores ", "html": "<h3 dir=\"ltr\">Nesta quarta-feira (15/01), o presidente da C\u00e2mara Municipal de Itabirito, M\u00e1rcio Juninho (Cidadania), promoveu um bate-papo com servidores efetivos e comissionados da Sede, do Anexo, do Centro de Atendimento ao Cidad\u00e3o (CAC) e dos Gabinetes Parlamentares. O encontro teve como objetivo criar um espa\u00e7o de di\u00e1logo para aprimorar processos internos e implementar melhorias na rotina de trabalho da Casa.</h3>\r\n<h3>\u00a0</h3>\r\n<h3 dir=\"ltr\">Durante a roda de conversa, M\u00e1rcio Juninho destacou as metas e objetivos da gest\u00e3o 2025, refor\u00e7ando o compromisso com a efici\u00eancia e a transpar\u00eancia na condu\u00e7\u00e3o dos trabalhos legislativos. Entre os pontos abordados, o presidente mencionou a disponibilidade para ouvir as demandas dos servidores, a posse dos novos servidores aprovados no concurso p\u00fablico e a cria\u00e7\u00e3o de entradas independentes para o CAC e os gabinetes parlamentares, visando melhorar o fluxo e a organiza\u00e7\u00e3o dos atendimentos.</h3>\r\n<h3>\u00a0</h3>\r\n<h3 dir=\"ltr\">Outro destaque foi o an\u00fancio do Curso Parlamentar, que ser\u00e1 realizado no pr\u00f3ximo dia 22 de janeiro, no Plen\u00e1rio da C\u00e2mara, com o objetivo de capacitar os servidores para uma atua\u00e7\u00e3o ainda mais qualificada.</h3>\r\n<h3>\u00a0</h3>\r\n<h3 dir=\"ltr\"><em>\u201c\u00c9 muito positivo observar a sinergia entre a presid\u00eancia da C\u00e2mara e os servidores. A aproxima\u00e7\u00e3o \u00e9 essencial, especialmente quando se trata de um novo presidente. Esse tipo de encontro permite alinhar expectativas, fortalecer os la\u00e7os institucionais e apresentar os principais direcionamentos que guiar\u00e3o a gest\u00e3o em 2025. Estreitar esse relacionamento desde o in\u00edcio contribui para criar um ambiente de trabalho mais integrado e colaborativo\u201d</em>, afirmou o presidente da C\u00e2mara.</h3>\r\n<h3>\u00a0</h3>\r\n<h3 dir=\"ltr\">Tamb\u00e9m participaram do encontro os vereadores Lucas do Z\u00e9 Maria (MDB) e Fernando da Sheila (Mobiliza), al\u00e9m das diretoras e coordenadoras da C\u00e2mara: Ang\u00e9lica Beatriz Faria (diretora parlamentar), Layane Faria Andrews (diretora administrativa), Daianna Lima (coordenadora parlamentar), Tain\u00e1 do Prado Reis (coordenadora administrativa) e Rosanna Sousa (coordenadora do CAC).</h3>\r\n<p>\u00a0</p>\r\n<p><img src=\"https://www.itabirito.mg.leg.br/AservidoraJulianaEfigniaFariaeSilvaaprovouoencontro.FotoAscomCmaradeItabirito..jpeg/@@images/d0ada7eb-bf7e-4caa-b6bc-6e28dfafb359.jpeg\" alt=\"\" class=\"image-inline\" title=\"\" /></p>\r\n<p>\u00a0</p>\r\n<h3 dir=\"ltr\"><em>\"\u00c9 extremamente importante a integra\u00e7\u00e3o entre os assessores, os servidores de modo geral e o presidente da C\u00e2mara. Ainda mais gratificante \u00e9 observar as a\u00e7\u00f5es apresentadas e que ser\u00e3o implementadas. Trata-se de quest\u00f5es indispens\u00e1veis para a nossa rotina de trabalho, que certamente contribuir\u00e3o para aprimorar a atua\u00e7\u00e3o dos servidores na Casa Legislativa. Todas as informa\u00e7\u00f5es compartilhadas s\u00e3o valiosas e fazem a diferen\u00e7a, fortalecendo nosso entusiasmo e otimismo para continuar trabalhando pelo bem da C\u00e2mara e da popula\u00e7\u00e3o de Itabirito\"</em>, destacou a servidora Juliana Efig\u00eania Faria e Silva, assessora do vereador Max Fortes (PSD).</h3>\r\n<h3>\u00a0</h3>\r\n<h3 dir=\"ltr\">O bate-papo destacou a abertura ao di\u00e1logo e o compromisso da nova gest\u00e3o em trabalhar de forma integrada com os servidores para atender melhor \u00e0s demandas da popula\u00e7\u00e3o de Itabirito.</h3>\r\n<div><span><br /></span></div>", "author_name": "", "version": "1.0", "author_url": "https://www.itabirito.mg.leg.br/author/comunicacao", "provider_name": "C\u00e2mara Municipal de Itabirito", "type": "rich"}