{"provider_url": "https://www.itabirito.mg.leg.br", "title": "C\u00e2mara de Itabirito homenageia garis na pr\u00f3xima quinta-feira", "html": "<h3 dir=\"ltr\">Na pr\u00f3xima quinta-feira (16/05), Dia Nacional do Gari, a C\u00e2mara de Itabirito ir\u00e1 conceder a mo\u00e7\u00e3o de Bons servi\u00e7os a cinco servidores que exercem a fun\u00e7\u00e3o de gari na cidade. O evento ser\u00e1 realizado a partir das 14 horas, no Plen\u00e1rio da Casa Legislativa e \u00e9 aberto ao p\u00fablico.</h3>\r\n<h3><span><span><br /></span></span></h3>\r\n<h3 dir=\"ltr\"><span>A homenagem foi estabelecida pela Lei Municipal n\u00ba 3.181, de 2016, visando </span><span>homenagear os profissionais que mant\u00eam as ruas e pra\u00e7as de Itabirito sempre limpas. \u201c</span><span>Os garis realizam um trabalho essencial na nossa cidade. Mas, infelizmente, muitas vezes essa fun\u00e7\u00e3o n\u00e3o \u00e9 valorizada. O que queremos \u00e9 mostrar que este profissional merece ser reconhecido, pelo bem-estar que gera para todos os itabiritenses\u201d, disse o presidente da C\u00e2mara, Pastor Anderson do sou Not\u00edcia (PL).</span></h3>\r\n<h3><span><span><br /></span></span></h3>\r\n<h3 dir=\"ltr\"><span>As profissionais, que ser\u00e3o homenageadas este ano, foram escolhidas pelo setor de Limpeza Urbana da Prefeitura. S\u00e3o elas:\u00a0</span></h3>\r\n<h3><span><span><br /></span></span></h3>\r\n<h3 dir=\"ltr\"><span>- Adriana Silva da Cruz;</span></h3>\r\n<h3 dir=\"ltr\"><span>- D\u00e9bora Pereira de Jesus;</span></h3>\r\n<h3 dir=\"ltr\"><span>- Nilta Maria Rodrigues;</span></h3>\r\n<h3 dir=\"ltr\"><span>- Polidieni A. Caetano Soares;</span></h3>\r\n<h3 dir=\"ltr\"><span>- Rosa Helena Maria Le\u00f4ncio.</span></h3>\r\n<h3><span><span><br /></span></span></h3>\r\n<h3 dir=\"ltr\"><span>Curiosidade</span></h3>\r\n<h3><span><span><br /></span></span></h3>\r\n<h3 dir=\"ltr\"><span>A denomina\u00e7\u00e3o profissional Gari \u00e9 uma homenagem ao franc\u00eas Pedro Aleixo Gary, que em 1876 assinou contrato com o Minist\u00e9rio dos Neg\u00f3cios do Imp\u00e9rio do Brasil para executar os servi\u00e7os de limpeza da cidade do Rio de Janeiro. Ele costumava reunir seus funcion\u00e1rios para limpar as ruas ap\u00f3s a passagem de cavalos, o que era muito comum na \u00e9poca.\u00a0</span></h3>\r\n<h3><span><span><br /></span></span></h3>\r\n<h3 dir=\"ltr\"><span>Os cariocas se acostumaram com esse trabalho e sempre mandavam chamar a \u201cturma do Gari\u201d para execut\u00e1-lo. Aos poucos o nome se generalizou pelo Brasil. Assim foi institu\u00eddo, em 1962, por meio da Lei Estadual 212, sancionada pelo ent\u00e3o governador do Estado da Guanabara, Carlos Lacerda, o Dia do Gari, cuja primeira comemora\u00e7\u00e3o foi em 16 de maio de 1963.</span></h3>\r\n<h3><span id=\"docs-internal-guid-1bffb1b0-7fff-cbad-197d-d5d778e830c4\"><br /><br /><br /><br /><br /></span></h3>", "author_name": "", "version": "1.0", "author_url": "https://www.itabirito.mg.leg.br/author/comunicacao", "provider_name": "C\u00e2mara Municipal de Itabirito", "type": "rich"}