{"provider_url": "https://www.itabirito.mg.leg.br", "title": "C\u00e2mara de Itabirito celebra Dia da Consci\u00eancia Negra", "html": "<h3 dir=\"ltr\"></h3>\r\n<h3 dir=\"ltr\">Nesta segunda-feira (18/11), a C\u00e2mara Municipal de Itabirito realizou uma Reuni\u00e3o Especial em homenagem ao Dia da Consci\u00eancia Negra, que ser\u00e1 celebrado no dia 20 de novembro. Al\u00e9m de ser feriado nacional, Itabirito possui as Leis Municipais 2.289 e a 3.501, que refor\u00e7am a import\u00e2ncia desta data para todo o pa\u00eds.\u00a0</h3>\r\n<h3><span><span><br /></span></span></h3>\r\n<h3 dir=\"ltr\"><span>O primeiro a discursar na Tribuna da C\u00e2mara foi o l\u00edder negro Ant\u00f4nio Carlos Dias, conhecido como Toninho Telefunken. Ele falou sobre a import\u00e2ncia da Semana da Consci\u00eancia Negra em Itabirito. \u201cA gente sofreu consequ\u00eancias s\u00e9rias e sofre ainda por causa da escravatura. O Brasil \u00e9 o segundo pa\u00eds em n\u00famero de negros. Por isso, a gente tem que lutar muito, at\u00e9 os dias de hoje, para ter nossos direitos. A semana nada mais \u00e9 que a uni\u00e3o do povo negro.\u201d, disse.\u00a0</span></h3>\r\n<h3><span><span><br /></span></span></h3>\r\n<h3 dir=\"ltr\"><span>O juiz de direito da 2\u00aa Vara C\u00edvel, Criminal e Execu\u00e7\u00e3o Penal da Comarca Itabirito, Ant\u00f4nio Francisco Gon\u00e7alves, foi o segundo a discursar na Reuni\u00e3o Especial. Ele come\u00e7ou citando parte de uma m\u00fasica: \u201c Eu vim de longe pra chegar at\u00e9 aqui, mas eu cheguei. E essa \u00e9 a luta do negro. Para o negro, tudo \u00e9 mais dif\u00edcil. Mas quando a gente chega, a gente olha para tr\u00e1s e v\u00ea que tudo valeu\u201d, afirmou.\u00a0</span></h3>\r\n<h3><span><span><br /></span></span></h3>\r\n<h3 dir=\"ltr\"><span>O prefeito de Itabirito, Orlando Caldeira, tamb\u00e9m discursou e citou o importante legado do l\u00edder negro, Toninho Telefunken, em Itabirito. J\u00e1 o vice-prefeito de Itabirito, Elio da Mata, falou sobre a luta contra o racismo no Brasil. \u201cEu acredito que s\u00f3 vamos superar o racismo por meio da educa\u00e7\u00e3o. Esse assunto precisa ser debatido de uma forma aberta, franca nas escolas, para que a gente consiga tirar da cabe\u00e7a dos jovens essa ideia de que o negro, pelo simples fato de ter a cor negra, tem que ser desmerecido\u201d, disse.</span></h3>\r\n<p><span><span><br /></span></span></p>\r\n<h3 dir=\"ltr\"><span>A Sess\u00e3o Especial tamb\u00e9m contou com a apresenta\u00e7\u00e3o dos m\u00fasicos Douglas Mendes e Jaisson Mendes. \u201cA gente sabe da hist\u00f3ria, da import\u00e2ncia das lutas di\u00e1rias de homens e mulheres que tiveram peito para defender o que \u00e9 certo. A hist\u00f3ria sempre nos d\u00e1 esperan\u00e7a de dias melhores. Viva a nossa liberdade de ser negro\u201d, discursou o presidente da C\u00e2mara, Pastor Anderson do Sou Not\u00edcia (PL).\u00a0</span></h3>\r\n<h3><span id=\"docs-internal-guid-09b2f0a8-7fff-2f64-ca97-7d29718ba136\"><br /><br /><br /><br /></span></h3>", "author_name": "", "version": "1.0", "author_url": "https://www.itabirito.mg.leg.br/author/comunicacao", "provider_name": "C\u00e2mara Municipal de Itabirito", "type": "rich"}