{"provider_url": "https://www.itabirito.mg.leg.br", "title": "Associa\u00e7\u00e3o Cajazeiras de Itabirito \u00e9 declarada de utilidade p\u00fablica", "html": "<h3 dir=\"ltr\">A Associa\u00e7\u00e3o Cajazeiras de Itabirito foi oficialmente reconhecida como entidade de utilidade p\u00fablica com a san\u00e7\u00e3o da Lei n\u00ba 4.251. A iniciativa \u00e9 de autoria dos vereadores Fabinho Fonseca (PSD) e M\u00e1rcio Juninho (Cidadania), e reconhece a relev\u00e2ncia do trabalho social desenvolvido pela institui\u00e7\u00e3o no munic\u00edpio.</h3>\r\n<h3>\u00a0</h3>\r\n<h3 dir=\"ltr\">Fundada em 2023, a Associa\u00e7\u00e3o Cajazeiras tem sede na Rua Argentina, n\u00ba 115, bairro S\u00e3o Jos\u00e9, e atua com foco na promo\u00e7\u00e3o de pol\u00edticas p\u00fablicas para mulheres, crian\u00e7as, adolescentes, juventude e idosos, al\u00e9m do combate \u00e0s drogas e incentivo \u00e0 cidadania por meio de a\u00e7\u00f5es nas \u00e1reas de sa\u00fade, educa\u00e7\u00e3o, desenvolvimento social e esporte.</h3>\r\n<h3>\u00a0</h3>\r\n<h3 dir=\"ltr\">Para o vereador Fabinho Fonseca, o reconhecimento legal fortalece a capacidade da entidade de expandir seus projetos e acessar parcerias:</h3>\r\n<h3>\u00a0</h3>\r\n<h3 dir=\"ltr\"><em>\u201cA Associa\u00e7\u00e3o Cajazeiras tem como uma de suas finalidades a promo\u00e7\u00e3o da cidadania e a defesa de direitos fundamentais, mobilizando a popula\u00e7\u00e3o em projetos sociais e esportivos que fortalecem o exerc\u00edcio da cidadania\u201d,</em> destacou.</h3>\r\n<h3>\u00a0</h3>\r\n<h3 dir=\"ltr\">O vereador M\u00e1rcio Juninho tamb\u00e9m ressaltou a seriedade e o compromisso da entidade com os princ\u00edpios da administra\u00e7\u00e3o p\u00fablica:</h3>\r\n<h3>\u00a0</h3>\r\n<h3 dir=\"ltr\"><em>\u201cA Associa\u00e7\u00e3o vem desempenhando um trabalho significativo em Itabirito, sempre pautada pela legalidade, impessoalidade, moralidade, publicidade e efici\u00eancia, sem qualquer tipo de discrimina\u00e7\u00e3o\u201d,</em> afirmou.</h3>\r\n<h3>\u00a0</h3>\r\n<h3 dir=\"ltr\">Com a declara\u00e7\u00e3o de Utilidade P\u00fablica, a entidade passa a ter maior respaldo legal para firmar conv\u00eanios com o poder p\u00fablico e captar recursos para ampliar seu impacto social.</h3>\r\n<h3><span><br /></span></h3>", "author_name": "", "version": "1.0", "author_url": "https://www.itabirito.mg.leg.br/author/comunicacao", "provider_name": "C\u00e2mara Municipal de Itabirito", "type": "rich"}