{"provider_url": "https://www.itabirito.mg.leg.br", "title": "Alunos da Apae visitam a C\u00e2mara de Itabirito", "html": "<h3 dir=\"ltr\"><span>Cerca de 30 alunos da Apae (Associa\u00e7\u00e3o de Pais e Amigos dos Excepcionais) estiveram na C\u00e2mara de Itabirito nesta quarta-feira (23/08). Al\u00e9m de conhecer o Plen\u00e1rio, eles aprenderam um pouco sobre o funcionamento da Casa Legislativa e tamb\u00e9m sobre o papel dos vereadores.\u00a0</span></h3>\r\n<h3><span><span><br /></span></span></h3>\r\n<h3 dir=\"ltr\"><span>A visita foi agendada via requerimento pelo vereador Max Fortes (DEM). A atividade faz parte da Semana Nacional da Pessoa com Defici\u00eancia Intelectual e M\u00faltipla. \u201cO tema da semana \u00e9 conectar e somar para construir inclus\u00e3o. E para a gente poder construir, eles precisam conhecer esses espa\u00e7os p\u00fablicos\u201d, comentou Danielle Luiza de Almeida, assistente social da Apae.</span></h3>\r\n<h3><span><span><br /></span></span></h3>\r\n<h3 dir=\"ltr\"><span>De acordo com a psic\u00f3loga da Apae, Priscila Maciel Motta, o objetivo deste ano \u00e9 que os alunos conhe\u00e7am os tr\u00eas Poderes: Legislativo, Executivo e Judici\u00e1rio. \u201cA ideia \u00e9 que a gente consiga ocupar os espa\u00e7os p\u00fablicos e lutar pelos nossos direitos. Ainda h\u00e1 muitos locais inacess\u00edveis\u201d, comentou.</span></h3>\r\n<h3><span><span><br /></span></span></h3>\r\n<h3 dir=\"ltr\"><span>Muitos alunos estiveram na C\u00e2mara pela primeira vez. \u00c9 o caso de Samuel Serafim, de 11 anos. O aluno, que tem dificuldade de locomo\u00e7\u00e3o, contou que o caminho da Apae at\u00e9 a Casa Legislativa apresenta v\u00e1rias dificuldades. \u201cA cidade precisa de mais rampas e o cal\u00e7amento das ruas precisa ser melhor\u201d, disse.\u00a0</span></h3>\r\n<h3><span><span><br /></span></span></h3>\r\n<h3 dir=\"ltr\"><span>Os alunos da Apae e os usu\u00e1rios do Centro Dia tamb\u00e9m\u00a0 tra\u00e7aram propostas de melhorias para Itabirito. O documento foi entregue por dois alunos, que s\u00e3o os representantes pol\u00edticos da Apae, \u00e0 diretora parlamentar, Beatriz Faria.\u00a0</span></h3>\r\n<h3><span><span><br /></span></span></h3>\r\n<h3 dir=\"ltr\"><span>Dia Municipal da Pessoa com Defici\u00eancia Intelectual e M\u00faltipla</span></h3>\r\n<h3 dir=\"ltr\"><span>No dia 21 de agosto, foi celebrado o Dia Municipal da Pessoa com Defici\u00eancia Intelectual e M\u00faltipla. De acordo com a lei 2.934/2013, de autoria do vereador Max Fortes, as comemora\u00e7\u00f5es desta data visam o desenvolvimento de conte\u00fados para conscientizar a sociedade sobre as necessidades espec\u00edficas para promover a inclus\u00e3o social dessas pessoas e para combater o preconceito e a discrimina\u00e7\u00e3o.</span></h3>\r\n<div><span><br /></span></div>", "author_name": "", "version": "1.0", "author_url": "https://www.itabirito.mg.leg.br/author/comunicacao", "provider_name": "C\u00e2mara Municipal de Itabirito", "type": "rich"}