{"provider_url": "https://www.itabirito.mg.leg.br", "title": "Adesiap apresenta trabalhos para C\u00e2mara de Itabirito", "html": "<h3 dir=\"ltr\">Nesta segunda-feira (10/02), o presidente da C\u00e2mara Municipal de Itabirito, vereador M\u00e1rcio Juninho (Cidadania), recebeu representantes da Adesiap (Ag\u00eancia de Desenvolvimento Econ\u00f4mico e Social dos Inconfidentes e Alto Paraopeba) para um encontro sobre eventual colabora\u00e7\u00e3o em prol do desenvolvimento de Itabirito. Estiveram presentes a coordenadora de relacionamento institucional da Adesiap, Carla Almeida, e o administrador da ag\u00eancia, Jo\u00e3o Vitor de Freitas.</h3>\r\n<h3>\u00a0</h3>\r\n<h3 dir=\"ltr\">O objetivo do di\u00e1logo foi discutir poss\u00edveis parcerias entre a Adesiap e o Legislativo de Itabirito. Durante a reuni\u00e3o, foram apresentados alguns dos trabalhos j\u00e1 executados pela ag\u00eancia, que atua na promo\u00e7\u00e3o do desenvolvimento econ\u00f4mico e social em munic\u00edpios da regi\u00e3o.</h3>\r\n<h3>\u00a0</h3>\r\n<h3 dir=\"ltr\">A reuni\u00e3o destacou o potencial de colabora\u00e7\u00e3o entre o Legislativo e a ag\u00eancia, com foco em iniciativas que possam impulsionar o crescimento sustent\u00e1vel e a qualidade de vida em Itabirito. <em>\"Estamos \u00e0 disposi\u00e7\u00e3o para contribuir com atividades que ajudem a concretizar propostas, impactando positivamente nossa comunidade\",</em> destacou a Adesiap.</h3>\r\n<h3>\u00a0</h3>\r\n<h3 dir=\"ltr\">Tanto os representantes da ag\u00eancia quanto o presidente da C\u00e2mara refor\u00e7aram o compromisso de manter as portas abertas para futuras parcerias e projetos que beneficiem diretamente os mun\u00edcipes de Itabirito.</h3>\r\n<h3>\u00a0</h3>\r\n<h3 dir=\"ltr\"><em>\"Essa parceria com a Adesiap \u00e9 fundamental para alinharmos esfor\u00e7os e promover a\u00e7\u00f5es que tragam resultados concretos para nossa popula\u00e7\u00e3o. Estamos prontos para trabalhar juntos em prol do desenvolvimento econ\u00f4mico e social de Itabirito\"</em>, afirmou o presidente M\u00e1rcio Juninho.</h3>\r\n<p><img src=\"https://www.itabirito.mg.leg.br/OobjetivododilogofoidiscutirpossveisparceriasentreaAdesiapeoLegislativodeItabirito2.FotoAscomCmaradeItabirito..jpeg/@@images/34ba9a2b-5a9c-4942-9c04-97a49e767314.jpeg\" alt=\"\" class=\"image-inline\" title=\"\" /><img src=\"https://www.itabirito.mg.leg.br/OobjetivododilogofoidiscutirpossveisparceriasentreaAdesiapeoLegislativodeItabirito3.FotoAscomCmaradeItabirito..jpeg/@@images/6831e32c-aa7d-4fe1-91b9-984f554e9c43.jpeg\" alt=\"\" class=\"image-inline\" title=\"\" /></p>\r\n<h3><span id=\"docs-internal-guid-48acc45a-7fff-48c6-479b-485627dc0d22\"><br /><br /></span></h3>", "author_name": "", "version": "1.0", "author_url": "https://www.itabirito.mg.leg.br/author/comunicacao", "provider_name": "C\u00e2mara Municipal de Itabirito", "type": "rich"}