{"provider_url": "https://www.itabirito.mg.leg.br", "title": "\u2018Dia das Profiss\u00f5es\u2019 nas escolas \u00e9 institu\u00eddo em Itabirito", "html": "<h3 dir=\"ltr\">Itabirito deu um importante passo para o incentivo \u00e0 reflex\u00e3o e \u00e0 orienta\u00e7\u00e3o profissional dos estudantes. A Lei n\u00ba 4.196 instituiu o dia 11 de agosto como o \"Dia das Profiss\u00f5es\" nas escolas p\u00fablicas e privadas da cidade. A proposta, aprovada pela C\u00e2mara Municipal, tem como objetivo proporcionar aos alunos uma vis\u00e3o ampla sobre as diversas carreiras existentes, estimulando o interesse e a prepara\u00e7\u00e3o para as escolhas profissionais futuras.</h3>\r\n<h3>\u00a0</h3>\r\n<h3 dir=\"ltr\">De acordo com a Lei, as atividades do \"Dia das Profiss\u00f5es\" incluir\u00e3o palestras com profissionais de diferentes \u00e1reas, oficinas pr\u00e1ticas que demonstrem habilidades espec\u00edficas, feiras de profiss\u00f5es com a participa\u00e7\u00e3o de institui\u00e7\u00f5es de ensino e empresas, al\u00e9m de din\u00e2micas que promovam o respeito e a valoriza\u00e7\u00e3o de todas as profiss\u00f5es. As escolas ter\u00e3o a responsabilidade de elaborar um planejamento anual para a realiza\u00e7\u00e3o do evento, com a participa\u00e7\u00e3o da comunidade escolar e das autoridades locais, garantindo a inclus\u00e3o e a diversidade nas atividades propostas.</h3>\r\n<h3>\u00a0</h3>\r\n<h3 dir=\"ltr\">A Secretaria Municipal de Educa\u00e7\u00e3o e outras entidades ser\u00e3o respons\u00e1veis pela coordena\u00e7\u00e3o e divulga\u00e7\u00e3o das a\u00e7\u00f5es, incentivando a participa\u00e7\u00e3o efetiva de educadores, alunos e profissionais.\u00a0</h3>\r\n<h3><span id=\"docs-internal-guid-3856623b-7fff-b32b-f2d1-8af95fca556b\"><br />O vereador Fabinho Fonseca (PSD), autor do Projeto de Lei, destacou a import\u00e2ncia da iniciativa: <em>\"O 'Dia das Profiss\u00f5es' representa uma iniciativa transformadora que pode moldar a forma como os alunos percebem seu futuro, contribuindo para a forma\u00e7\u00e3o de cidad\u00e3os conscientes e preparados para os desafios do mundo do trabalho. O respeito e a valoriza\u00e7\u00e3o das diferentes profiss\u00f5es s\u00e3o fundamentais para o desenvolvimento de uma sociedade mais justa e igualit\u00e1ria.\"</em></span></h3>", "author_name": "", "version": "1.0", "author_url": "https://www.itabirito.mg.leg.br/author/comunicacao", "provider_name": "C\u00e2mara Municipal de Itabirito", "type": "rich"}